{"id":235,"date":"2025-01-14T15:03:58","date_gmt":"2025-01-14T15:03:58","guid":{"rendered":"https:\/\/chaire-energie.bordeaux-inp.fr\/?p=235"},"modified":"2025-10-22T07:37:20","modified_gmt":"2025-10-22T07:37:20","slug":"conference-robin-girard","status":"publish","type":"post","link":"https:\/\/chaire-energie.bordeaux-inp.fr\/index.php\/2025\/01\/14\/conference-robin-girard\/","title":{"rendered":"[En\u00b7exp] Cycles de Conf\u00e9rences : Robin Girard le 23 janvier 2025 \u00e0 15h : D\u00e9carbonation de notre \u00e9conomie : le miracle de l&#8217;\u00e9lectrification et ses limites"},"content":{"rendered":"\n<p><a href=\"https:\/\/www.robingirard.eu\/\"><strong>Robin Girard<\/strong><\/a>, Directeur de Recherche aux MINES Paris PSL &#8211; PERSEE center &#8211; ERSEI group, pr\u00e9sentera une conf\u00e9rence, <strong>jeudi 23 janvier 2025 \u00e0 15h<\/strong>, dans l&#8217;amphith\u00e9\u00e2tre G de Bordeaux INP\/ENSEIRB-MATMECA, au sujet de la &#8220;<strong>d\u00e9carbonation de notre \u00e9conomie : le miracle de l&#8217;\u00e9lectrification et ses limites<\/strong>&#8220;. Un temps d&#8217;\u00e9changes avec l&#8217;intervenant suivra et se terminera \u00e0 17h.<\/p>\n\n\n\n<figure class=\"wp-block-image size-large is-resized\"><img decoding=\"async\" src=\"https:\/\/www.robingirard.eu\/assets\/images\/profile.png\" alt=\"\" style=\"width:100px\"\/><\/figure>\n\n\n\n<p>Cette conf\u00e9rence est propos\u00e9e par la <a href=\"https:\/\/chaire-energie.bordeaux-inp.fr\/\">Chaire \u00c9nergie<\/a> (<em>SENSCAN<\/em>) de l&#8217;\u00e9cole ENSEIRB-MATMECA dans le cadre de son premier cycle de conf\u00e9rence sur les \u00e9nergies et leur d\u00e9carbonation par le calcul num\u00e9rique.<\/p>\n\n\n\n<p>Ouvert \u00e0 tout public : \u00e9tudiant\u00b7es du campus, chercheur\u00b7ses, entreprises, particuliers.<\/p>\n\n\n\n<p class=\"has-text-align-center\"><strong>R\u00e9sum\u00e9<\/strong><\/p>\n\n\n\n<blockquote class=\"wp-block-quote\">\n<p class=\"has-medium-font-size\">Le d\u00e9r\u00e8glement climatique nous pousse aujourd\u2019hui \u00e0 envisager la neutralit\u00e9 carbone comme horizon. L\u2019ambition associ\u00e9e est tr\u00e8s importante et il convient d\u2019en prendre la mesure pour comprendre comment infl\u00e9chir notre \u00e9conomie dans la bonne direction. La place de l\u2019\u00e9lectrification y est centrale mais cette derni\u00e8re ne peut suffire. Dans cette pr\u00e9sentation, nous chercherons \u00e0 mettre en face de l\u2019ambition n\u00e9cessaire et quantifi\u00e9e diff\u00e9rents leviers de d\u00e9carbonation, dans le secteur du transport, du logement et de l\u2019industrie. Nous montrerons pourquoi l\u2019\u00e9lectrification doit tenir une place importante mais aussi ce qui limite cette place, nous parlerons des autres leviers comme la sobri\u00e9t\u00e9 ou l\u2019utilisation de carbone vivant (e.g. biomasse).<\/p>\n<\/blockquote>\n\n\n\n<h2 class=\"wp-block-heading\">Informations utiles<\/h2>\n\n\n\n<p>Robin Girard (<a href=\"https:\/\/www.robingirard.eu\/\" target=\"_blank\" rel=\"noreferrer noopener\">https:\/\/www.robingirard.eu\/<\/a>) est Directeur de Recherche (Full Professor) aux MINES Paris PSL &#8211; PERSEE center &#8211; ERSEI group.<\/p>\n\n\n\n<p><a href=\"https:\/\/enseirb-matmeca.bordeaux-inp.fr\/\">ENSEIRB-MATMECA<\/a>, jeudi 23\/01\/2025 \u00e0 15h (<a href=\"https:\/\/maps.app.goo.gl\/4UNk3vXBDEkMFvY69\">carte<\/a>). Amphith\u00e9\u00e2tre G, rez-de-chauss\u00e9e, entr\u00e9e c\u00f4t\u00e9 tramway.<\/p>\n","protected":false},"excerpt":{"rendered":"<p>Robin Girard, Directeur de Recherche aux MINES Paris PSL &#8211; PERSEE center &#8211; ERSEI group, pr\u00e9sentera une conf\u00e9rence, jeudi 23 janvier 2025 \u00e0 15h, dans l&#8217;amphith\u00e9\u00e2tre G de Bordeaux INP\/ENSEIRB-MATMECA, au sujet de la &#8220;d\u00e9carbonation de notre \u00e9conomie : le miracle de l&#8217;\u00e9lectrification et ses limites&#8220;. Un temps d&#8217;\u00e9changes avec l&#8217;intervenant suivra et se terminera [&hellip;]<\/p>\n","protected":false},"author":1,"featured_media":0,"comment_status":"open","ping_status":"open","sticky":true,"template":"","format":"standard","meta":{"inline_featured_image":false,"footnotes":""},"categories":[6],"tags":[],"_links":{"self":[{"href":"https:\/\/chaire-energie.bordeaux-inp.fr\/index.php\/wp-json\/wp\/v2\/posts\/235"}],"collection":[{"href":"https:\/\/chaire-energie.bordeaux-inp.fr\/index.php\/wp-json\/wp\/v2\/posts"}],"about":[{"href":"https:\/\/chaire-energie.bordeaux-inp.fr\/index.php\/wp-json\/wp\/v2\/types\/post"}],"author":[{"embeddable":true,"href":"https:\/\/chaire-energie.bordeaux-inp.fr\/index.php\/wp-json\/wp\/v2\/users\/1"}],"replies":[{"embeddable":true,"href":"https:\/\/chaire-energie.bordeaux-inp.fr\/index.php\/wp-json\/wp\/v2\/comments?post=235"}],"version-history":[{"count":4,"href":"https:\/\/chaire-energie.bordeaux-inp.fr\/index.php\/wp-json\/wp\/v2\/posts\/235\/revisions"}],"predecessor-version":[{"id":300,"href":"https:\/\/chaire-energie.bordeaux-inp.fr\/index.php\/wp-json\/wp\/v2\/posts\/235\/revisions\/300"}],"wp:attachment":[{"href":"https:\/\/chaire-energie.bordeaux-inp.fr\/index.php\/wp-json\/wp\/v2\/media?parent=235"}],"wp:term":[{"taxonomy":"category","embeddable":true,"href":"https:\/\/chaire-energie.bordeaux-inp.fr\/index.php\/wp-json\/wp\/v2\/categories?post=235"},{"taxonomy":"post_tag","embeddable":true,"href":"https:\/\/chaire-energie.bordeaux-inp.fr\/index.php\/wp-json\/wp\/v2\/tags?post=235"}],"curies":[{"name":"wp","href":"https:\/\/api.w.org\/{rel}","templated":true}]}}